{"id":2445,"date":"2026-07-21T12:10:43","date_gmt":"2026-07-21T10:10:43","guid":{"rendered":"https:\/\/www.kum-kum.fr\/?p=2445"},"modified":"2026-08-27T19:20:04","modified_gmt":"2026-08-27T17:20:04","slug":"festival-ton-bourg-battant-espectaculo-de-fuego-barna-2","status":"publish","type":"post","link":"https:\/\/www.kum-kum.fr\/es\/festival-ton-bourg-battant-espectaculo-de-fuego-barna-2\/","title":{"rendered":"Riesgo de incendio y ola de calor: \u00bfQu\u00e9 alternativa al espect\u00e1culo de fuego y a los fuegos artificiales?"},"content":{"rendered":"\t\t<div data-elementor-type=\"wp-post\" data-elementor-id=\"2445\" class=\"elementor elementor-2445 elementor-2443\" data-elementor-post-type=\"post\">\n\t\t\t\t<div class=\"elementor-element elementor-element-00d9783 e-flex e-con-boxed e-con e-parent\" data-id=\"00d9783\" data-element_type=\"container\" data-e-type=\"container\">\n\t\t\t\t\t<div class=\"e-con-inner\">\n\t\t<div class=\"elementor-element elementor-element-5b49280 e-con-full e-flex e-con e-child\" data-id=\"5b49280\" data-element_type=\"container\" data-e-type=\"container\">\n\t\t\t\t<div class=\"elementor-element elementor-element-277dca9 elementor-widget elementor-widget-heading\" data-id=\"277dca9\" data-element_type=\"widget\" data-e-type=\"widget\" data-widget_type=\"heading.default\">\n\t\t\t\t<div class=\"elementor-widget-container\">\n\t\t\t\t\t<h2 class=\"elementor-heading-title elementor-size-default\">Cuando el tiempo nos obliga a adaptarnos<\/h2>\t\t\t\t<\/div>\n\t\t\t\t<\/div>\n\t\t\t\t<div class=\"elementor-element elementor-element-110cb47 elementor-widget elementor-widget-text-editor\" data-id=\"110cb47\" data-element_type=\"widget\" data-e-type=\"widget\" data-widget_type=\"text-editor.default\">\n\t\t\t\t<div class=\"elementor-widget-container\">\n\t\t\t\t\t\t\t\t\t<p data-path-to-node=\"6\">Cada verano trae consigo su dosis de emociones en las carreteras, pero tambi\u00e9n sus retos clim\u00e1ticos. Ante las repetidas olas de calor y el riesgo de incendios, muchos eventos culturales y espect\u00e1culos pirot\u00e9cnicos se ven a veces obligados a cancelarse. <\/p><p data-path-to-node=\"7\">Como artista callejero y creador de espect\u00e1culos, surge una pregunta fundamental: \u00bfc\u00f3mo conservar la magia del espect\u00e1culo en directo y el asombro del p\u00fablico, respetando al mismo tiempo escrupulosamente las normas de seguridad y la protecci\u00f3n de la naturaleza? La respuesta se resume en una palabra: <b data-path-to-node=\"7\" data-index-in-node=\"289\">la adaptaci\u00f3n<\/b>. <\/p>\t\t\t\t\t\t\t\t<\/div>\n\t\t\t\t<\/div>\n\t\t\t\t<\/div>\n\t\t<div class=\"elementor-element elementor-element-da34026 e-con-full e-flex e-con e-child\" data-id=\"da34026\" data-element_type=\"container\" data-e-type=\"container\">\n\t\t\t\t<div class=\"elementor-element elementor-element-8b0627e elementor-widget elementor-widget-image\" data-id=\"8b0627e\" data-element_type=\"widget\" data-e-type=\"widget\" data-widget_type=\"image.default\">\n\t\t\t\t<div class=\"elementor-widget-container\">\n\t\t\t\t\t\t\t\t\t\t\t\t\t\t\t<img fetchpriority=\"high\" decoding=\"async\" width=\"600\" height=\"400\" src=\"https:\/\/www.kum-kum.fr\/wp-content\/uploads\/2026\/07\/Kumanati-pixel-Frontenay-Rohan-600x400.png\" class=\"attachment-medium size-medium wp-image-2457\" alt=\"\" srcset=\"https:\/\/www.kum-kum.fr\/wp-content\/uploads\/2026\/07\/Kumanati-pixel-Frontenay-Rohan-600x400.png 600w, https:\/\/www.kum-kum.fr\/wp-content\/uploads\/2026\/07\/Kumanati-pixel-Frontenay-Rohan-1200x800.png 1200w, https:\/\/www.kum-kum.fr\/wp-content\/uploads\/2026\/07\/Kumanati-pixel-Frontenay-Rohan-768x512.png 768w, https:\/\/www.kum-kum.fr\/wp-content\/uploads\/2026\/07\/Kumanati-pixel-Frontenay-Rohan-1536x1024.png 1536w, https:\/\/www.kum-kum.fr\/wp-content\/uploads\/2026\/07\/Kumanati-pixel-Frontenay-Rohan.png 2048w\" sizes=\"(max-width: 600px) 100vw, 600px\" \/>\t\t\t\t\t\t\t\t\t\t\t\t\t\t\t<\/div>\n\t\t\t\t<\/div>\n\t\t\t\t<\/div>\n\t\t\t\t\t<\/div>\n\t\t\t\t<\/div>\n\t\t<div class=\"elementor-element elementor-element-99e37ea e-flex e-con-boxed e-con e-parent\" data-id=\"99e37ea\" data-element_type=\"container\" data-e-type=\"container\">\n\t\t\t\t\t<div class=\"e-con-inner\">\n\t\t<div class=\"elementor-element elementor-element-44799b8 e-con-full e-flex e-con e-child\" data-id=\"44799b8\" data-element_type=\"container\" data-e-type=\"container\">\n\t\t\t\t<div class=\"elementor-element elementor-element-51826f2 elementor-widget elementor-widget-image\" data-id=\"51826f2\" data-element_type=\"widget\" data-e-type=\"widget\" data-widget_type=\"image.default\">\n\t\t\t\t<div class=\"elementor-widget-container\">\n\t\t\t\t\t\t\t\t\t\t\t\t\t\t\t<img decoding=\"async\" width=\"416\" height=\"600\" src=\"https:\/\/www.kum-kum.fr\/wp-content\/uploads\/2026\/07\/Kumanati-buugeng-Frontenay-Rohan-416x600.png\" class=\"attachment-medium size-medium wp-image-2461\" alt=\"\" srcset=\"https:\/\/www.kum-kum.fr\/wp-content\/uploads\/2026\/07\/Kumanati-buugeng-Frontenay-Rohan-416x600.png 416w, https:\/\/www.kum-kum.fr\/wp-content\/uploads\/2026\/07\/Kumanati-buugeng-Frontenay-Rohan-832x1200.png 832w, https:\/\/www.kum-kum.fr\/wp-content\/uploads\/2026\/07\/Kumanati-buugeng-Frontenay-Rohan-768x1108.png 768w, https:\/\/www.kum-kum.fr\/wp-content\/uploads\/2026\/07\/Kumanati-buugeng-Frontenay-Rohan.png 946w\" sizes=\"(max-width: 416px) 100vw, 416px\" \/>\t\t\t\t\t\t\t\t\t\t\t\t\t\t\t<\/div>\n\t\t\t\t<\/div>\n\t\t\t\t<\/div>\n\t\t<div class=\"elementor-element elementor-element-394e931 e-con-full e-flex e-con e-child\" data-id=\"394e931\" data-element_type=\"container\" data-e-type=\"container\">\n\t\t\t\t<div class=\"elementor-element elementor-element-cfec160 elementor-widget elementor-widget-heading\" data-id=\"cfec160\" data-element_type=\"widget\" data-e-type=\"widget\" data-widget_type=\"heading.default\">\n\t\t\t\t<div class=\"elementor-widget-container\">\n\t\t\t\t\t<h2 class=\"elementor-heading-title elementor-size-default\">Un espect\u00e1culo 100 % LED en Frontenay-Rohan-Rohan: \u00a1apuesta acertada!<\/h2>\t\t\t\t<\/div>\n\t\t\t\t<\/div>\n\t\t\t\t<div class=\"elementor-element elementor-element-28a0868 elementor-widget elementor-widget-text-editor\" data-id=\"28a0868\" data-element_type=\"widget\" data-e-type=\"widget\" data-widget_type=\"text-editor.default\">\n\t\t\t\t<div class=\"elementor-widget-container\">\n\t\t\t\t\t\t\t\t\t<p data-path-to-node=\"10\">El pasado 13 de julio, junto con la compa\u00f1\u00eda <b data-path-to-node=\"10\" data-index-in-node=\"41\">KumAnati<\/b>, ten\u00edamos una actuaci\u00f3n en Frontenay-Rohan-Rohan. Aunque en un principio estaba previsto que las llamas fueran las protagonistas, las condiciones meteorol\u00f3gicas y las \u00f3rdenes de la prefectura nos obligaron a replantearnos nuestra actuaci\u00f3n. <\/p><p data-path-to-node=\"11\">En lugar de cancelar el evento y mostrar nuestra decepci\u00f3n, hemos optado por reaccionar con agilidad. Nuestro equipo ha reorganizado la representaci\u00f3n para ofrecer una alternativa moderna e igual de espectacular: un <b data-path-to-node=\"11\" data-index-in-node=\"230\">espect\u00e1culo 100 % LED<\/b>. <\/p><blockquote data-path-to-node=\"12\"><p data-path-to-node=\"12,0\"><b data-path-to-node=\"12,0\" data-index-in-node=\"0\">\u00bfLo sab\u00edas?<\/b> Sustituir las luces por tecnolog\u00edas lum\u00ednicas de \u00faltima generaci\u00f3n (sincronizaci\u00f3n musical, programaci\u00f3n gr\u00e1fica, efectos visuales de alta frecuencia) permite ofrecer una experiencia nocturna impresionante, sin ning\u00fan riesgo de incendio.<\/p><\/blockquote>\t\t\t\t\t\t\t\t<\/div>\n\t\t\t\t<\/div>\n\t\t\t\t<\/div>\n\t\t\t\t\t<\/div>\n\t\t\t\t<\/div>\n\t\t<div class=\"elementor-element elementor-element-dc07ccb e-flex e-con-boxed e-con e-parent\" data-id=\"dc07ccb\" data-element_type=\"container\" data-e-type=\"container\">\n\t\t\t\t\t<div class=\"e-con-inner\">\n\t\t<div class=\"elementor-element elementor-element-9e848a3 e-con-full e-flex e-con e-child\" data-id=\"9e848a3\" data-element_type=\"container\" data-e-type=\"container\">\n\t\t\t\t<div class=\"elementor-element elementor-element-2c9b046 elementor-widget elementor-widget-heading\" data-id=\"2c9b046\" data-element_type=\"widget\" data-e-type=\"widget\" data-widget_type=\"heading.default\">\n\t\t\t\t<div class=\"elementor-widget-container\">\n\t\t\t\t\t<h2 class=\"elementor-heading-title elementor-size-default\">La tecnolog\u00eda al servicio de la emoci\u00f3n y el espect\u00e1culo callejero<\/h2>\t\t\t\t<\/div>\n\t\t\t\t<\/div>\n\t\t\t\t<div class=\"elementor-element elementor-element-77ca971 elementor-widget elementor-widget-text-editor\" data-id=\"77ca971\" data-element_type=\"widget\" data-e-type=\"widget\" data-widget_type=\"text-editor.default\">\n\t\t\t\t<div class=\"elementor-widget-container\">\n\t\t\t\t\t\t\t\t\t<p data-path-to-node=\"15\">Si bien el gran p\u00fablico est\u00e1 acostumbrado a la emoci\u00f3n tradicional de los espect\u00e1culos de fuego, la versi\u00f3n LED ofrece una poes\u00eda diferente, decididamente contempor\u00e1nea. Im\u00e1genes hipn\u00f3ticas, estelas de colores en la noche, coreograf\u00edas precisas: las nuevas tecnolog\u00edas permiten crear nuevas historias visuales. <\/p><p data-path-to-node=\"16\">En Frontenay-Rohan-Rohan, el resultado no se hizo esperar: los ojos brillantes de los ni\u00f1os, un p\u00fablico encantado y unos organizadores aliviados por haber podido celebrar una fiesta de verano con total seguridad.<\/p><p data-path-to-node=\"17\">Esta flexibilidad es hoy en d\u00eda el eje central de nuestro enfoque art\u00edstico:<\/p><ul data-path-to-node=\"18\"><li><p data-path-to-node=\"18,0,0\"><b data-path-to-node=\"18,0,0\" data-index-in-node=\"0\">Previsi\u00f3n:<\/b> Seguimiento constante de las condiciones meteorol\u00f3gicas y la normativa local.<\/p><\/li><li><p data-path-to-node=\"18,1,0\"><b data-path-to-node=\"18,1,0\" data-index-in-node=\"0\">Seguridad \u00f3ptima:<\/b> Sin chispas ni materiales inflamables en caso de restricciones impuestas por la prefectura.<\/p><\/li><li><p data-path-to-node=\"18,2,0\"><b data-path-to-node=\"18,2,0\" data-index-in-node=\"0\">Continuidad de la fiesta:<\/b> La garant\u00eda para que los municipios y los festivales puedan mantener su programaci\u00f3n.<\/p><\/li><\/ul>\t\t\t\t\t\t\t\t<\/div>\n\t\t\t\t<\/div>\n\t\t\t\t<\/div>\n\t\t<div class=\"elementor-element elementor-element-f81380b e-con-full e-flex e-con e-child\" data-id=\"f81380b\" data-element_type=\"container\" data-e-type=\"container\">\n\t\t\t\t<div class=\"elementor-element elementor-element-043ff40 elementor-widget elementor-widget-image\" data-id=\"043ff40\" data-element_type=\"widget\" data-e-type=\"widget\" data-widget_type=\"image.default\">\n\t\t\t\t<div class=\"elementor-widget-container\">\n\t\t\t\t\t\t\t\t\t\t\t\t\t\t\t<img decoding=\"async\" width=\"400\" height=\"600\" src=\"https:\/\/www.kum-kum.fr\/wp-content\/uploads\/2026\/07\/SON06747-400x600.jpg\" class=\"attachment-medium size-medium wp-image-2464\" alt=\"\" srcset=\"https:\/\/www.kum-kum.fr\/wp-content\/uploads\/2026\/07\/SON06747-400x600.jpg 400w, https:\/\/www.kum-kum.fr\/wp-content\/uploads\/2026\/07\/SON06747-800x1200.jpg 800w, https:\/\/www.kum-kum.fr\/wp-content\/uploads\/2026\/07\/SON06747-768x1152.jpg 768w, https:\/\/www.kum-kum.fr\/wp-content\/uploads\/2026\/07\/SON06747.jpg 1024w\" sizes=\"(max-width: 400px) 100vw, 400px\" \/>\t\t\t\t\t\t\t\t\t\t\t\t\t\t\t<\/div>\n\t\t\t\t<\/div>\n\t\t\t\t<\/div>\n\t\t\t\t\t<\/div>\n\t\t\t\t<\/div>\n\t\t<div class=\"elementor-element elementor-element-ff39280 e-flex e-con-boxed e-con e-parent\" data-id=\"ff39280\" data-element_type=\"container\" data-e-type=\"container\">\n\t\t\t\t\t<div class=\"e-con-inner\">\n\t\t<div class=\"elementor-element elementor-element-db28c8e e-con-full e-flex e-con e-child\" data-id=\"db28c8e\" data-element_type=\"container\" data-e-type=\"container\">\n\t\t\t\t<div class=\"elementor-element elementor-element-f290901 elementor-widget elementor-widget-image\" data-id=\"f290901\" data-element_type=\"widget\" data-e-type=\"widget\" data-widget_type=\"image.default\">\n\t\t\t\t<div class=\"elementor-widget-container\">\n\t\t\t\t\t\t\t\t\t\t\t\t\t\t\t<img loading=\"lazy\" decoding=\"async\" width=\"600\" height=\"556\" src=\"https:\/\/www.kum-kum.fr\/wp-content\/uploads\/2026\/07\/Kumanati-diabolo-Frontenay-Rohan-600x556.png\" class=\"attachment-medium size-medium wp-image-2467\" alt=\"\" srcset=\"https:\/\/www.kum-kum.fr\/wp-content\/uploads\/2026\/07\/Kumanati-diabolo-Frontenay-Rohan-600x556.png 600w, https:\/\/www.kum-kum.fr\/wp-content\/uploads\/2026\/07\/Kumanati-diabolo-Frontenay-Rohan-1200x1111.png 1200w, https:\/\/www.kum-kum.fr\/wp-content\/uploads\/2026\/07\/Kumanati-diabolo-Frontenay-Rohan-768x711.png 768w, https:\/\/www.kum-kum.fr\/wp-content\/uploads\/2026\/07\/Kumanati-diabolo-Frontenay-Rohan.png 1430w\" sizes=\"(max-width: 600px) 100vw, 600px\" \/>\t\t\t\t\t\t\t\t\t\t\t\t\t\t\t<\/div>\n\t\t\t\t<\/div>\n\t\t\t\t<\/div>\n\t\t<div class=\"elementor-element elementor-element-abebee3 e-con-full e-flex e-con e-child\" data-id=\"abebee3\" data-element_type=\"container\" data-e-type=\"container\">\n\t\t\t\t<div class=\"elementor-element elementor-element-b1f7429 elementor-widget elementor-widget-heading\" data-id=\"b1f7429\" data-element_type=\"widget\" data-e-type=\"widget\" data-widget_type=\"heading.default\">\n\t\t\t\t<div class=\"elementor-widget-container\">\n\t\t\t\t\t<h2 class=\"elementor-heading-title elementor-size-default\">Garantizar el espect\u00e1culo, en todas las circunstancias<\/h2>\t\t\t\t<\/div>\n\t\t\t\t<\/div>\n\t\t\t\t<div class=\"elementor-element elementor-element-c857a3b elementor-widget elementor-widget-text-editor\" data-id=\"c857a3b\" data-element_type=\"widget\" data-e-type=\"widget\" data-widget_type=\"text-editor.default\">\n\t\t\t\t<div class=\"elementor-widget-container\">\n\t\t\t\t\t\t\t\t\t<p data-path-to-node=\"21\">Ya sea bajo el resplandor c\u00e1lido de las llamas de un espect\u00e1culo de fuego cl\u00e1sico o bajo los efectos futuristas de nuestros equipos LED, nuestra misi\u00f3n como artista de calle sigue sin cambios: transformar el espacio p\u00fablico en un lugar de encuentro, de asombro y de compartir.<\/p><p data-path-to-node=\"22\">\u00bfEres el organizador de un festival o el responsable cultural de una entidad p\u00fablica? Debe saber que todos nuestros servicios est\u00e1n concebidos para ser 100 % adaptables en funci\u00f3n de las condiciones clim\u00e1ticas del momento. <\/p>\t\t\t\t\t\t\t\t<\/div>\n\t\t\t\t<\/div>\n\t\t\t\t<\/div>\n\t\t\t\t\t<\/div>\n\t\t\t\t<\/div>\n\t\t\t\t<\/div>\n\t\t","protected":false},"excerpt":{"rendered":"<p>Cuando el tiempo nos obliga a adaptarnos Cada verano trae consigo su dosis de emociones en las carreteras, pero tambi\u00e9n sus retos clim\u00e1ticos. Ante las repetidas olas de calor y el riesgo de incendios, muchos eventos culturales y espect\u00e1culos pirot\u00e9cnicos se ven a veces obligados a cancelarse. Como artista callejero y creador de espect\u00e1culos, surge [&hellip;]<\/p>\n","protected":false},"author":2,"featured_media":2457,"comment_status":"closed","ping_status":"closed","sticky":false,"template":"","format":"standard","meta":{"_acf_changed":false,"_monsterinsights_skip_tracking":false,"_uf_show_specific_survey":0,"_uf_disable_surveys":false,"footnotes":""},"categories":[34],"tags":[65,61,62,64,66,63],"class_list":["post-2445","post","type-post","status-publish","format-standard","has-post-thumbnail","hentry","category-sin-categorizar","tag-artista-callejero","tag-espectaculo-callejero","tag-espectaculo-de-fuego","tag-espectaculo-led","tag-malabarista","tag-tragafuego"],"acf":[],"yoast_head":"<!-- This site is optimized with the Yoast SEO plugin v28.3 - https:\/\/yoast.com\/product\/yoast-seo-wordpress\/ -->\n<title>Riesgo de incendio y ola de calor: \u00bfQu\u00e9 alternativa al espect\u00e1culo de fuego y a los fuegos artificiales? - Kum-Kum Artiste de rue<\/title>\n<meta name=\"description\" content=\"Face aux interdictions pr\u00e9fectorales et s\u00e9cheresses, d\u00e9couvrez l&#039;alternative 100% LED sans risque d&#039;incendie pour maintenir vos spectacles de rue et festivit\u00e9s.\" \/>\n<meta name=\"robots\" content=\"index, follow, max-snippet:-1, max-image-preview:large, max-video-preview:-1\" \/>\n<link rel=\"canonical\" href=\"https:\/\/www.kum-kum.fr\/es\/festival-ton-bourg-battant-espectaculo-de-fuego-barna-2\/\" \/>\n<meta property=\"og:locale\" content=\"es_ES\" \/>\n<meta property=\"og:type\" content=\"article\" \/>\n<meta property=\"og:title\" content=\"Riesgo de incendio y ola de calor: \u00bfQu\u00e9 alternativa al espect\u00e1culo de fuego y a los fuegos artificiales? - Kum-Kum Artiste de rue\" \/>\n<meta property=\"og:description\" content=\"Face aux interdictions pr\u00e9fectorales et s\u00e9cheresses, d\u00e9couvrez l&#039;alternative 100% LED sans risque d&#039;incendie pour maintenir vos spectacles de rue et festivit\u00e9s.\" \/>\n<meta property=\"og:url\" content=\"https:\/\/www.kum-kum.fr\/es\/festival-ton-bourg-battant-espectaculo-de-fuego-barna-2\/\" \/>\n<meta property=\"og:site_name\" content=\"Kum-Kum Artiste de rue\" \/>\n<meta property=\"article:published_time\" content=\"2026-07-21T10:10:43+00:00\" \/>\n<meta property=\"article:modified_time\" content=\"2026-08-27T17:20:04+00:00\" \/>\n<meta property=\"og:image\" content=\"https:\/\/www.kum-kum.fr\/wp-content\/uploads\/2026\/07\/Kumanati-pixel-Frontenay-Rohan.png\" \/>\n\t<meta property=\"og:image:width\" content=\"2048\" \/>\n\t<meta property=\"og:image:height\" content=\"1365\" \/>\n\t<meta property=\"og:image:type\" content=\"image\/png\" \/>\n<meta name=\"author\" content=\"kum-kum\" \/>\n<meta name=\"twitter:card\" content=\"summary_large_image\" \/>\n<meta name=\"twitter:label1\" content=\"Escrito por\" \/>\n\t<meta name=\"twitter:data1\" content=\"kum-kum\" \/>\n\t<meta name=\"twitter:label2\" content=\"Tiempo de lectura\" \/>\n\t<meta name=\"twitter:data2\" content=\"2 minutos\" \/>\n<script type=\"application\/ld+json\" class=\"yoast-schema-graph\">{\"@context\":\"https:\\\/\\\/schema.org\",\"@graph\":[{\"@type\":\"Article\",\"@id\":\"https:\\\/\\\/www.kum-kum.fr\\\/es\\\/festival-ton-bourg-battant-espectaculo-de-fuego-barna-2\\\/#article\",\"isPartOf\":{\"@id\":\"https:\\\/\\\/www.kum-kum.fr\\\/es\\\/festival-ton-bourg-battant-espectaculo-de-fuego-barna-2\\\/\"},\"author\":{\"name\":\"kum-kum\",\"@id\":\"https:\\\/\\\/www.kum-kum.fr\\\/#\\\/schema\\\/person\\\/79ce39456f2cccb3d4b50135cafe1779\"},\"headline\":\"Riesgo de incendio y ola de calor: \u00bfQu\u00e9 alternativa al espect\u00e1culo de fuego y a los fuegos artificiales?\",\"datePublished\":\"2026-07-21T10:10:43+00:00\",\"dateModified\":\"2026-08-27T17:20:04+00:00\",\"mainEntityOfPage\":{\"@id\":\"https:\\\/\\\/www.kum-kum.fr\\\/es\\\/festival-ton-bourg-battant-espectaculo-de-fuego-barna-2\\\/\"},\"wordCount\":514,\"image\":{\"@id\":\"https:\\\/\\\/www.kum-kum.fr\\\/es\\\/festival-ton-bourg-battant-espectaculo-de-fuego-barna-2\\\/#primaryimage\"},\"thumbnailUrl\":\"https:\\\/\\\/www.kum-kum.fr\\\/wp-content\\\/uploads\\\/2026\\\/07\\\/Kumanati-pixel-Frontenay-Rohan.png\",\"keywords\":[\"artista callejero\",\"espect\u00e1culo callejero\",\"espect\u00e1culo de fuego\",\"espect\u00e1culo LED\",\"malabarista\",\"tragafuego\"],\"articleSection\":[\"Sin categorizar\"],\"inLanguage\":\"es\"},{\"@type\":\"WebPage\",\"@id\":\"https:\\\/\\\/www.kum-kum.fr\\\/es\\\/festival-ton-bourg-battant-espectaculo-de-fuego-barna-2\\\/\",\"url\":\"https:\\\/\\\/www.kum-kum.fr\\\/es\\\/festival-ton-bourg-battant-espectaculo-de-fuego-barna-2\\\/\",\"name\":\"Riesgo de incendio y ola de calor: \u00bfQu\u00e9 alternativa al espect\u00e1culo de fuego y a los fuegos artificiales? - Kum-Kum Artiste de rue\",\"isPartOf\":{\"@id\":\"https:\\\/\\\/www.kum-kum.fr\\\/#website\"},\"primaryImageOfPage\":{\"@id\":\"https:\\\/\\\/www.kum-kum.fr\\\/es\\\/festival-ton-bourg-battant-espectaculo-de-fuego-barna-2\\\/#primaryimage\"},\"image\":{\"@id\":\"https:\\\/\\\/www.kum-kum.fr\\\/es\\\/festival-ton-bourg-battant-espectaculo-de-fuego-barna-2\\\/#primaryimage\"},\"thumbnailUrl\":\"https:\\\/\\\/www.kum-kum.fr\\\/wp-content\\\/uploads\\\/2026\\\/07\\\/Kumanati-pixel-Frontenay-Rohan.png\",\"datePublished\":\"2026-07-21T10:10:43+00:00\",\"dateModified\":\"2026-08-27T17:20:04+00:00\",\"author\":{\"@id\":\"https:\\\/\\\/www.kum-kum.fr\\\/#\\\/schema\\\/person\\\/79ce39456f2cccb3d4b50135cafe1779\"},\"description\":\"Face aux interdictions pr\u00e9fectorales et s\u00e9cheresses, d\u00e9couvrez l'alternative 100% LED sans risque d'incendie pour maintenir vos spectacles de rue et festivit\u00e9s.\",\"breadcrumb\":{\"@id\":\"https:\\\/\\\/www.kum-kum.fr\\\/es\\\/festival-ton-bourg-battant-espectaculo-de-fuego-barna-2\\\/#breadcrumb\"},\"inLanguage\":\"es\",\"potentialAction\":[{\"@type\":\"ReadAction\",\"target\":[\"https:\\\/\\\/www.kum-kum.fr\\\/es\\\/festival-ton-bourg-battant-espectaculo-de-fuego-barna-2\\\/\"]}]},{\"@type\":\"ImageObject\",\"inLanguage\":\"es\",\"@id\":\"https:\\\/\\\/www.kum-kum.fr\\\/es\\\/festival-ton-bourg-battant-espectaculo-de-fuego-barna-2\\\/#primaryimage\",\"url\":\"https:\\\/\\\/www.kum-kum.fr\\\/wp-content\\\/uploads\\\/2026\\\/07\\\/Kumanati-pixel-Frontenay-Rohan.png\",\"contentUrl\":\"https:\\\/\\\/www.kum-kum.fr\\\/wp-content\\\/uploads\\\/2026\\\/07\\\/Kumanati-pixel-Frontenay-Rohan.png\",\"width\":2048,\"height\":1365,\"caption\":\"Spectacle LED\"},{\"@type\":\"BreadcrumbList\",\"@id\":\"https:\\\/\\\/www.kum-kum.fr\\\/es\\\/festival-ton-bourg-battant-espectaculo-de-fuego-barna-2\\\/#breadcrumb\",\"itemListElement\":[{\"@type\":\"ListItem\",\"position\":1,\"name\":\"Accueil\",\"item\":\"https:\\\/\\\/www.kum-kum.fr\\\/es\\\/inicio\\\/\"},{\"@type\":\"ListItem\",\"position\":2,\"name\":\"Riesgo de incendio y ola de calor: \u00bfQu\u00e9 alternativa al espect\u00e1culo de fuego y a los fuegos artificiales?\"}]},{\"@type\":\"WebSite\",\"@id\":\"https:\\\/\\\/www.kum-kum.fr\\\/#website\",\"url\":\"https:\\\/\\\/www.kum-kum.fr\\\/\",\"name\":\"Kum-Kum Artiste de rue\",\"description\":\"\",\"potentialAction\":[{\"@type\":\"SearchAction\",\"target\":{\"@type\":\"EntryPoint\",\"urlTemplate\":\"https:\\\/\\\/www.kum-kum.fr\\\/?s={search_term_string}\"},\"query-input\":{\"@type\":\"PropertyValueSpecification\",\"valueRequired\":true,\"valueName\":\"search_term_string\"}}],\"inLanguage\":\"es\"},{\"@type\":\"Person\",\"@id\":\"https:\\\/\\\/www.kum-kum.fr\\\/#\\\/schema\\\/person\\\/79ce39456f2cccb3d4b50135cafe1779\",\"name\":\"kum-kum\",\"image\":{\"@type\":\"ImageObject\",\"inLanguage\":\"es\",\"@id\":\"https:\\\/\\\/secure.gravatar.com\\\/avatar\\\/e5cd75bdb1771d92dab2dc7b462bc1486e9a4a884b5782d0178b50d15d71fe50?s=96&d=mm&r=g\",\"url\":\"https:\\\/\\\/secure.gravatar.com\\\/avatar\\\/e5cd75bdb1771d92dab2dc7b462bc1486e9a4a884b5782d0178b50d15d71fe50?s=96&d=mm&r=g\",\"contentUrl\":\"https:\\\/\\\/secure.gravatar.com\\\/avatar\\\/e5cd75bdb1771d92dab2dc7b462bc1486e9a4a884b5782d0178b50d15d71fe50?s=96&d=mm&r=g\",\"caption\":\"kum-kum\"},\"url\":\"https:\\\/\\\/www.kum-kum.fr\\\/es\\\/author\\\/kum-kum\\\/\"}]}<\/script>\n<!-- \/ Yoast SEO plugin. -->","yoast_head_json":{"title":"Riesgo de incendio y ola de calor: \u00bfQu\u00e9 alternativa al espect\u00e1culo de fuego y a los fuegos artificiales? - Kum-Kum Artiste de rue","description":"Face aux interdictions pr\u00e9fectorales et s\u00e9cheresses, d\u00e9couvrez l'alternative 100% LED sans risque d'incendie pour maintenir vos spectacles de rue et festivit\u00e9s.","robots":{"index":"index","follow":"follow","max-snippet":"max-snippet:-1","max-image-preview":"max-image-preview:large","max-video-preview":"max-video-preview:-1"},"canonical":"https:\/\/www.kum-kum.fr\/es\/festival-ton-bourg-battant-espectaculo-de-fuego-barna-2\/","og_locale":"es_ES","og_type":"article","og_title":"Riesgo de incendio y ola de calor: \u00bfQu\u00e9 alternativa al espect\u00e1culo de fuego y a los fuegos artificiales? - Kum-Kum Artiste de rue","og_description":"Face aux interdictions pr\u00e9fectorales et s\u00e9cheresses, d\u00e9couvrez l'alternative 100% LED sans risque d'incendie pour maintenir vos spectacles de rue et festivit\u00e9s.","og_url":"https:\/\/www.kum-kum.fr\/es\/festival-ton-bourg-battant-espectaculo-de-fuego-barna-2\/","og_site_name":"Kum-Kum Artiste de rue","article_published_time":"2026-07-21T10:10:43+00:00","article_modified_time":"2026-08-27T17:20:04+00:00","og_image":[{"width":2048,"height":1365,"url":"https:\/\/www.kum-kum.fr\/wp-content\/uploads\/2026\/07\/Kumanati-pixel-Frontenay-Rohan.png","type":"image\/png"}],"author":"kum-kum","twitter_card":"summary_large_image","twitter_misc":{"Escrito por":"kum-kum","Tiempo de lectura":"2 minutos"},"schema":{"@context":"https:\/\/schema.org","@graph":[{"@type":"Article","@id":"https:\/\/www.kum-kum.fr\/es\/festival-ton-bourg-battant-espectaculo-de-fuego-barna-2\/#article","isPartOf":{"@id":"https:\/\/www.kum-kum.fr\/es\/festival-ton-bourg-battant-espectaculo-de-fuego-barna-2\/"},"author":{"name":"kum-kum","@id":"https:\/\/www.kum-kum.fr\/#\/schema\/person\/79ce39456f2cccb3d4b50135cafe1779"},"headline":"Riesgo de incendio y ola de calor: \u00bfQu\u00e9 alternativa al espect\u00e1culo de fuego y a los fuegos artificiales?","datePublished":"2026-07-21T10:10:43+00:00","dateModified":"2026-08-27T17:20:04+00:00","mainEntityOfPage":{"@id":"https:\/\/www.kum-kum.fr\/es\/festival-ton-bourg-battant-espectaculo-de-fuego-barna-2\/"},"wordCount":514,"image":{"@id":"https:\/\/www.kum-kum.fr\/es\/festival-ton-bourg-battant-espectaculo-de-fuego-barna-2\/#primaryimage"},"thumbnailUrl":"https:\/\/www.kum-kum.fr\/wp-content\/uploads\/2026\/07\/Kumanati-pixel-Frontenay-Rohan.png","keywords":["artista callejero","espect\u00e1culo callejero","espect\u00e1culo de fuego","espect\u00e1culo LED","malabarista","tragafuego"],"articleSection":["Sin categorizar"],"inLanguage":"es"},{"@type":"WebPage","@id":"https:\/\/www.kum-kum.fr\/es\/festival-ton-bourg-battant-espectaculo-de-fuego-barna-2\/","url":"https:\/\/www.kum-kum.fr\/es\/festival-ton-bourg-battant-espectaculo-de-fuego-barna-2\/","name":"Riesgo de incendio y ola de calor: \u00bfQu\u00e9 alternativa al espect\u00e1culo de fuego y a los fuegos artificiales? - Kum-Kum Artiste de rue","isPartOf":{"@id":"https:\/\/www.kum-kum.fr\/#website"},"primaryImageOfPage":{"@id":"https:\/\/www.kum-kum.fr\/es\/festival-ton-bourg-battant-espectaculo-de-fuego-barna-2\/#primaryimage"},"image":{"@id":"https:\/\/www.kum-kum.fr\/es\/festival-ton-bourg-battant-espectaculo-de-fuego-barna-2\/#primaryimage"},"thumbnailUrl":"https:\/\/www.kum-kum.fr\/wp-content\/uploads\/2026\/07\/Kumanati-pixel-Frontenay-Rohan.png","datePublished":"2026-07-21T10:10:43+00:00","dateModified":"2026-08-27T17:20:04+00:00","author":{"@id":"https:\/\/www.kum-kum.fr\/#\/schema\/person\/79ce39456f2cccb3d4b50135cafe1779"},"description":"Face aux interdictions pr\u00e9fectorales et s\u00e9cheresses, d\u00e9couvrez l'alternative 100% LED sans risque d'incendie pour maintenir vos spectacles de rue et festivit\u00e9s.","breadcrumb":{"@id":"https:\/\/www.kum-kum.fr\/es\/festival-ton-bourg-battant-espectaculo-de-fuego-barna-2\/#breadcrumb"},"inLanguage":"es","potentialAction":[{"@type":"ReadAction","target":["https:\/\/www.kum-kum.fr\/es\/festival-ton-bourg-battant-espectaculo-de-fuego-barna-2\/"]}]},{"@type":"ImageObject","inLanguage":"es","@id":"https:\/\/www.kum-kum.fr\/es\/festival-ton-bourg-battant-espectaculo-de-fuego-barna-2\/#primaryimage","url":"https:\/\/www.kum-kum.fr\/wp-content\/uploads\/2026\/07\/Kumanati-pixel-Frontenay-Rohan.png","contentUrl":"https:\/\/www.kum-kum.fr\/wp-content\/uploads\/2026\/07\/Kumanati-pixel-Frontenay-Rohan.png","width":2048,"height":1365,"caption":"Spectacle LED"},{"@type":"BreadcrumbList","@id":"https:\/\/www.kum-kum.fr\/es\/festival-ton-bourg-battant-espectaculo-de-fuego-barna-2\/#breadcrumb","itemListElement":[{"@type":"ListItem","position":1,"name":"Accueil","item":"https:\/\/www.kum-kum.fr\/es\/inicio\/"},{"@type":"ListItem","position":2,"name":"Riesgo de incendio y ola de calor: \u00bfQu\u00e9 alternativa al espect\u00e1culo de fuego y a los fuegos artificiales?"}]},{"@type":"WebSite","@id":"https:\/\/www.kum-kum.fr\/#website","url":"https:\/\/www.kum-kum.fr\/","name":"Kum-Kum Artiste de rue","description":"","potentialAction":[{"@type":"SearchAction","target":{"@type":"EntryPoint","urlTemplate":"https:\/\/www.kum-kum.fr\/?s={search_term_string}"},"query-input":{"@type":"PropertyValueSpecification","valueRequired":true,"valueName":"search_term_string"}}],"inLanguage":"es"},{"@type":"Person","@id":"https:\/\/www.kum-kum.fr\/#\/schema\/person\/79ce39456f2cccb3d4b50135cafe1779","name":"kum-kum","image":{"@type":"ImageObject","inLanguage":"es","@id":"https:\/\/secure.gravatar.com\/avatar\/e5cd75bdb1771d92dab2dc7b462bc1486e9a4a884b5782d0178b50d15d71fe50?s=96&d=mm&r=g","url":"https:\/\/secure.gravatar.com\/avatar\/e5cd75bdb1771d92dab2dc7b462bc1486e9a4a884b5782d0178b50d15d71fe50?s=96&d=mm&r=g","contentUrl":"https:\/\/secure.gravatar.com\/avatar\/e5cd75bdb1771d92dab2dc7b462bc1486e9a4a884b5782d0178b50d15d71fe50?s=96&d=mm&r=g","caption":"kum-kum"},"url":"https:\/\/www.kum-kum.fr\/es\/author\/kum-kum\/"}]}},"_links":{"self":[{"href":"https:\/\/www.kum-kum.fr\/es\/wp-json\/wp\/v2\/posts\/2445","targetHints":{"allow":["GET"]}}],"collection":[{"href":"https:\/\/www.kum-kum.fr\/es\/wp-json\/wp\/v2\/posts"}],"about":[{"href":"https:\/\/www.kum-kum.fr\/es\/wp-json\/wp\/v2\/types\/post"}],"author":[{"embeddable":true,"href":"https:\/\/www.kum-kum.fr\/es\/wp-json\/wp\/v2\/users\/2"}],"replies":[{"embeddable":true,"href":"https:\/\/www.kum-kum.fr\/es\/wp-json\/wp\/v2\/comments?post=2445"}],"version-history":[{"count":4,"href":"https:\/\/www.kum-kum.fr\/es\/wp-json\/wp\/v2\/posts\/2445\/revisions"}],"predecessor-version":[{"id":2552,"href":"https:\/\/www.kum-kum.fr\/es\/wp-json\/wp\/v2\/posts\/2445\/revisions\/2552"}],"wp:featuredmedia":[{"embeddable":true,"href":"https:\/\/www.kum-kum.fr\/es\/wp-json\/wp\/v2\/media\/2457"}],"wp:attachment":[{"href":"https:\/\/www.kum-kum.fr\/es\/wp-json\/wp\/v2\/media?parent=2445"}],"wp:term":[{"taxonomy":"category","embeddable":true,"href":"https:\/\/www.kum-kum.fr\/es\/wp-json\/wp\/v2\/categories?post=2445"},{"taxonomy":"post_tag","embeddable":true,"href":"https:\/\/www.kum-kum.fr\/es\/wp-json\/wp\/v2\/tags?post=2445"}],"curies":[{"name":"wp","href":"https:\/\/api.w.org\/{rel}","templated":true}]}}